{"id":375,"date":"2023-01-12T17:04:05","date_gmt":"2023-01-12T16:04:05","guid":{"rendered":"https:\/\/test.carminerapana.com\/?p=375"},"modified":"2024-06-13T20:06:31","modified_gmt":"2024-06-13T18:06:31","slug":"la-legge-dellattrazione-e-la-riprogrammazione-mentale-un-viaggio-di-crescita-con-bob-proctor-james-allen-e-maxwell-maltz","status":"publish","type":"post","link":"https:\/\/www.carminerapana.com\/index.php\/2023\/01\/12\/la-legge-dellattrazione-e-la-riprogrammazione-mentale-un-viaggio-di-crescita-con-bob-proctor-james-allen-e-maxwell-maltz\/","title":{"rendered":"La Legge dell&#8217;Attrazione e la Riprogrammazione Mentale: Un Viaggio di Crescita con Bob Proctor, James Allen, e Maxwell Maltz"},"content":{"rendered":"<h2><img loading=\"lazy\" decoding=\"async\" src=\"https:\/\/www.carminerapana.com\/wp-content\/uploads\/2023\/01\/DALL\u00b7E-2024-06-13-19.41.42-An-inspiring-and-visually-evocative-image-for-a-blog-post-titled-The-Law-of-Attraction-and-Mental-Reprogramming_-A-Journey-of-Growth-with-Bob-Proctor.webp\" alt=\"\" width=\"1024\" height=\"1024\" class=\"aligncenter size-full wp-image-869\" srcset=\"https:\/\/www.carminerapana.com\/wp-content\/uploads\/2023\/01\/DALL\u00b7E-2024-06-13-19.41.42-An-inspiring-and-visually-evocative-image-for-a-blog-post-titled-The-Law-of-Attraction-and-Mental-Reprogramming_-A-Journey-of-Growth-with-Bob-Proctor.webp 1024w, https:\/\/www.carminerapana.com\/wp-content\/uploads\/2023\/01\/DALL\u00b7E-2024-06-13-19.41.42-An-inspiring-and-visually-evocative-image-for-a-blog-post-titled-The-Law-of-Attraction-and-Mental-Reprogramming_-A-Journey-of-Growth-with-Bob-Proctor-300x300.webp 300w, https:\/\/www.carminerapana.com\/wp-content\/uploads\/2023\/01\/DALL\u00b7E-2024-06-13-19.41.42-An-inspiring-and-visually-evocative-image-for-a-blog-post-titled-The-Law-of-Attraction-and-Mental-Reprogramming_-A-Journey-of-Growth-with-Bob-Proctor-150x150.webp 150w, https:\/\/www.carminerapana.com\/wp-content\/uploads\/2023\/01\/DALL\u00b7E-2024-06-13-19.41.42-An-inspiring-and-visually-evocative-image-for-a-blog-post-titled-The-Law-of-Attraction-and-Mental-Reprogramming_-A-Journey-of-Growth-with-Bob-Proctor-768x768.webp 768w\" sizes=\"auto, (max-width: 1024px) 100vw, 1024px\" \/><\/h2>\n<h2 style=\"text-align: left;\">La Legge dell&#8217;Attrazione e la riprogrammazione mentale: un viaggio di crescita con Bob Proctor, James Allen e Maxwell Maltz.<\/h2>\n<p style=\"text-align: left;\">Quando parliamo di crescita personale e dello sviluppo del potenziale umano, la Legge dell&#8217;Attrazione e la riprogrammazione mentale occupano un posto centrale. Pionieri come Bob Proctor, James Allen e Maxwell Maltz, hanno contribuito a formare una comprensione profonda di come i nostri pensieri e credenze influenzano la nostra realt\u00e0. In questo articolo, esploreremo le\u00a0 teorie e capiremo come applicare un processo di apprendimento in 5 passi per trasformare la tua vita.<\/p>\n<p><strong>L&#8217;importanza di Allen, Maltz e Proctor nel campo della crescita personale<\/strong><\/p>\n<p>James Allen, nel suo libro &#8220;As a Man Thinketh&#8221;, ha chiaramente dimostrato che i nostri pensieri sono la radice di tutto ci\u00f2 che sperimentiamo. Allen affermava che i pensieri positivi e propositivi creano una vita di successo e felicit\u00e0, mentre i pensieri negativi e limitanti conducono a una vita di frustrazione e fallimento.<\/p>\n<p>Maxwell Maltz, con &#8220;Psycho-Cybernetics&#8221;, ha introdotto un concetto rivoluzionario: la nostra auto-immagine \u00e8 il fattore determinante di come agiamo e di ci\u00f2 che realizziamo. La sua teoria sottolinea l&#8217;importanza di migliorare la nostra percezione di noi stessi per raggiungere i nostri obiettivi.<\/p>\n<p>Bob Proctor, con il suo lavoro basato sulla Legge dell&#8217;Attrazione, sostiene che ci\u00f2 su cui ci concentriamo con intensit\u00e0 e persistenza diventa la nostra realt\u00e0. I pensieri e le emozioni hanno una frequenza, e quando ci allineiamo con la frequenza dei nostri desideri, li attiriamo inevitabilmente nella nostra vita.<\/p>\n<p><strong><img loading=\"lazy\" decoding=\"async\" src=\"https:\/\/www.carminerapana.com\/wp-content\/uploads\/2023\/01\/DALL\u00b7E-2024-06-13-19.49.19-An-inspiring-and-visually-evocative-image-illustrating-the-principles-of-the-Law-of-Attraction-focusing-on-vibration-and-resonance-of-thoughts.-The-i.webp\" alt=\"\" width=\"410\" height=\"410\" class=\"wp-image-870 alignleft\" srcset=\"https:\/\/www.carminerapana.com\/wp-content\/uploads\/2023\/01\/DALL\u00b7E-2024-06-13-19.49.19-An-inspiring-and-visually-evocative-image-illustrating-the-principles-of-the-Law-of-Attraction-focusing-on-vibration-and-resonance-of-thoughts.-The-i.webp 1024w, https:\/\/www.carminerapana.com\/wp-content\/uploads\/2023\/01\/DALL\u00b7E-2024-06-13-19.49.19-An-inspiring-and-visually-evocative-image-illustrating-the-principles-of-the-Law-of-Attraction-focusing-on-vibration-and-resonance-of-thoughts.-The-i-300x300.webp 300w, https:\/\/www.carminerapana.com\/wp-content\/uploads\/2023\/01\/DALL\u00b7E-2024-06-13-19.49.19-An-inspiring-and-visually-evocative-image-illustrating-the-principles-of-the-Law-of-Attraction-focusing-on-vibration-and-resonance-of-thoughts.-The-i-150x150.webp 150w, https:\/\/www.carminerapana.com\/wp-content\/uploads\/2023\/01\/DALL\u00b7E-2024-06-13-19.49.19-An-inspiring-and-visually-evocative-image-illustrating-the-principles-of-the-Law-of-Attraction-focusing-on-vibration-and-resonance-of-thoughts.-The-i-768x768.webp 768w\" sizes=\"auto, (max-width: 410px) 100vw, 410px\" \/>Il Funzionamento della Legge dell&#8217;Attrazione<\/strong><\/p>\n<p>La Legge dell&#8217;Attrazione si basa sul principio che i nostri pensieri e le nostre emozioni inviano vibrazioni nell&#8217;universo. Queste vibrazioni attirano situazioni, persone e opportunit\u00e0 che risuonano alla stessa frequenza. In pratica, se manteniamo pensieri positivi e nutriamo emozioni di gratitudine e amore, attireremo esperienze positive e abbondanti. Al contrario, pensieri negativi e emozioni di paura o rabbia attireranno circostanze indesiderate.<\/p>\n<p>Per sfruttare al meglio la Legge dell&#8217;Attrazione, \u00e8 fondamentale praticare la visualizzazione, l&#8217;uso di affermazioni positive e il mantenimento di un atteggiamento di gratitudine. Queste pratiche aiutano a mantenere alta la nostra vibrazione e a focalizzare la nostra energia su ci\u00f2 che desideriamo realmente.<\/p>\n<p><strong>La Connessione con la Legge di Vibrazione e le Altre Leggi dell&#8217;Universo<\/strong><\/p>\n<p>La Legge dell&#8217;Attrazione \u00e8 strettamente connessa con la Legge di Vibrazione, che afferma che tutto nell&#8217;universo \u00e8 in costante stato di vibrazione. Questo include i nostri pensieri, emozioni e corpi fisici. La Legge di Vibrazione stabilisce che nulla \u00e8 statico e tutto \u00e8 in movimento, compresi i nostri desideri e le nostre paure. Comprendere questa legge ci permette di diventare pi\u00f9 consapevoli delle vibrazioni che emettiamo e di come possiamo allinearci con le frequenze dei nostri obiettivi.<\/p>\n<p>Inoltre, la Legge dell&#8217;Attrazione interagisce con altre leggi universali, come:<\/p>\n<ol>\n<li><strong>La Legge della Risonanza:<\/strong> Questa legge afferma che le vibrazioni simili si attraggono. Quando alziamo la nostra vibrazione attraverso pensieri ed emozioni positive, attraiamo situazioni e persone che vibrano alla stessa frequenza.<\/li>\n<li><strong>La Legge della Causa ed Effetto:<\/strong> Ogni azione ha una conseguenza. I nostri pensieri e le nostre azioni creano delle reazioni nell&#8217;universo. Se agiamo con intenzioni positive, raccoglieremo risultati positivi.<\/li>\n<li><strong>La Legge della Polarit\u00e0:<\/strong> Tutto ha un opposto. Se comprendiamo che i momenti difficili contengono anche opportunit\u00e0, possiamo trasformare situazioni negative in esperienze di crescita.<\/li>\n<li><strong>La Legge del Ritmo:<\/strong> La vita \u00e8 ciclica. Tutto ha i suoi alti e bassi. Riconoscere e accettare i cicli della vita ci aiuta a mantenere l&#8217;equilibrio e a sfruttare al meglio ogni fase.<\/li>\n<li><strong>La Legge del Permettere:<\/strong> Questa legge ci insegna a lasciare andare il controllo e a fidarci del processo. Quando permettiamo all&#8217;universo di lavorare per noi, creiamo spazio per manifestazioni pi\u00f9 grandi.<\/li>\n<\/ol>\n<p style=\"text-align: left;\"><strong>Il processo di apprendimento in 5 passi<\/strong><\/p>\n<p style=\"text-align: left;\">Per integrare la Legge dell&#8217;Attrazione e la riprogrammazione mentale nella tua vita, ti propongo un processo di apprendimento in 5 passi, che ti aiuter\u00e0 a trasformare i tuoi pensieri e credenze limitanti:<\/p>\n<ol>\n<li style=\"text-align: left;\"><strong>Definisci chiaramente i tuoi obiettivi:<\/strong> Il primo passo \u00e8 avere una visione chiara e dettagliata di ci\u00f2 che desideri. Scrivi i tuoi obiettivi e visualizzali quotidianamente. Questo ti aiuter\u00e0 a mantenere la concentrazione e a rafforzare la tua intenzione.<\/li>\n<li style=\"text-align: left;\"><strong>Esamina e trasforma le tue credenze:<\/strong> Le credenze limitanti sono ostacoli nascosti che impediscono il tuo progresso. Identifica queste credenze e sostituiscile con affermazioni positive che ti aiutino a creare una nuova realt\u00e0.<\/li>\n<li style=\"text-align: left;\"><strong>Pratica la visualizzazione:<\/strong> Dedica del tempo ogni giorno alla visualizzazione. Immagina te stesso raggiungere i tuoi obiettivi con successo. Sentiti come se avessi gi\u00e0 realizzato i tuoi desideri, aumentando cos\u00ec la tua vibrazione energetica.<\/li>\n<li style=\"text-align: left;\"><strong>Azione consapevole:<\/strong> L&#8217;azione \u00e8 essenziale per manifestare i tuoi desideri. Ogni passo che compi verso i tuoi obiettivi rafforza la tua determinazione. Non aver paura dei fallimenti; considera ogni ostacolo come un&#8217;opportunit\u00e0 di crescita.<\/li>\n<li>\n<p style=\"text-align: left;\"><strong>Monitora e adatta le tue strategie:<\/strong> Tieni traccia dei tuoi progressi e fai le necessarie regolazioni lungo il cammino. Continua a rivedere e adattare le tue strategie, mantenendo sempre un atteggiamento positivo e focalizzato.<\/p>\n<\/li>\n<\/ol>\n<p><img loading=\"lazy\" decoding=\"async\" src=\"https:\/\/www.carminerapana.com\/wp-content\/uploads\/2023\/01\/DALL\u00b7E-2024-06-13-19.54.43-An-image-representing-a-5-step-learning-process-to-integrate-the-Law-of-Attraction-and-mental-reprogramming-into-your-life.-The-image-should-visually-.webp\" alt=\"\" width=\"527\" height=\"527\" class=\"aligncenter wp-image-871\" srcset=\"https:\/\/www.carminerapana.com\/wp-content\/uploads\/2023\/01\/DALL\u00b7E-2024-06-13-19.54.43-An-image-representing-a-5-step-learning-process-to-integrate-the-Law-of-Attraction-and-mental-reprogramming-into-your-life.-The-image-should-visually-.webp 1024w, https:\/\/www.carminerapana.com\/wp-content\/uploads\/2023\/01\/DALL\u00b7E-2024-06-13-19.54.43-An-image-representing-a-5-step-learning-process-to-integrate-the-Law-of-Attraction-and-mental-reprogramming-into-your-life.-The-image-should-visually--300x300.webp 300w, https:\/\/www.carminerapana.com\/wp-content\/uploads\/2023\/01\/DALL\u00b7E-2024-06-13-19.54.43-An-image-representing-a-5-step-learning-process-to-integrate-the-Law-of-Attraction-and-mental-reprogramming-into-your-life.-The-image-should-visually--150x150.webp 150w, https:\/\/www.carminerapana.com\/wp-content\/uploads\/2023\/01\/DALL\u00b7E-2024-06-13-19.54.43-An-image-representing-a-5-step-learning-process-to-integrate-the-Law-of-Attraction-and-mental-reprogramming-into-your-life.-The-image-should-visually--768x768.webp 768w\" sizes=\"auto, (max-width: 527px) 100vw, 527px\" \/><\/p>\n<p><strong>Conclusione<\/strong><\/p>\n<p>Applicando la Legge dell&#8217;Attrazione e le tecniche di riprogrammazione mentale, puoi trasformare la tua vita e raggiungere i tuoi obiettivi pi\u00f9 ambiziosi. Ricorda, il segreto del successo risiede nella tua mente. Visualizza, agisci e mantieni un atteggiamento positivo per attrarre ci\u00f2 che desideri. Seguendo i principi di James Allen, Maxwell Maltz e il mio stesso lavoro, puoi superare le limitazioni mentali e creare una vita di abbondanza e realizzazione.<\/p>\n<p style=\"text-align: right;\"><em>Carmine Rapan\u00e0<\/em><\/p>\n","protected":false},"excerpt":{"rendered":"<p>La Legge dell&#8217;Attrazione e la riprogrammazione mentale: un viaggio di crescita con Bob Proctor, James Allen e Maxwell Maltz. Quando parliamo di crescita personale e dello sviluppo del potenziale umano, la Legge dell&#8217;Attrazione e la riprogrammazione mentale occupano un posto centrale. Pionieri come Bob Proctor, James Allen e Maxwell Maltz, [&hellip;]<\/p>\n","protected":false},"author":1,"featured_media":0,"comment_status":"open","ping_status":"open","sticky":false,"template":"","format":"standard","meta":{"footnotes":""},"categories":[6],"tags":[],"class_list":["post-375","post","type-post","status-publish","format-standard","hentry","category-blog"],"yoast_head":"<!-- This site is optimized with the Yoast SEO plugin v21.5 - https:\/\/yoast.com\/wordpress\/plugins\/seo\/ -->\n<title>La Legge dell&#039;Attrazione e la Riprogrammazione Mentale: Un Viaggio di Crescita con Bob Proctor, James Allen, e Maxwell Maltz - Carmine Rapan\u00e0 - Mental Coach<\/title>\n<meta name=\"description\" content=\"Legge di risonanza, legge di vibrazione, leggi dell&#039;universo, riprogramamzione mentale, trasmutazione dell&#039;enenergia, bob proctor,\" \/>\n<meta name=\"robots\" content=\"index, follow, max-snippet:-1, max-image-preview:large, max-video-preview:-1\" \/>\n<link rel=\"canonical\" href=\"https:\/\/www.carminerapana.com\/index.php\/2023\/01\/12\/la-legge-dellattrazione-e-la-riprogrammazione-mentale-un-viaggio-di-crescita-con-bob-proctor-james-allen-e-maxwell-maltz\/\" \/>\n<meta property=\"og:locale\" content=\"it_IT\" \/>\n<meta property=\"og:type\" content=\"article\" \/>\n<meta property=\"og:title\" content=\"La Legge dell&#039;Attrazione e la Riprogrammazione Mentale: Un Viaggio di Crescita con Bob Proctor, James Allen, e Maxwell Maltz - Carmine Rapan\u00e0 - Mental Coach\" \/>\n<meta property=\"og:description\" content=\"Legge di risonanza, legge di vibrazione, leggi dell&#039;universo, riprogramamzione mentale, trasmutazione dell&#039;enenergia, bob proctor,\" \/>\n<meta property=\"og:url\" content=\"https:\/\/www.carminerapana.com\/index.php\/2023\/01\/12\/la-legge-dellattrazione-e-la-riprogrammazione-mentale-un-viaggio-di-crescita-con-bob-proctor-james-allen-e-maxwell-maltz\/\" \/>\n<meta property=\"og:site_name\" content=\"Carmine Rapan\u00e0 - Mental Coach\" \/>\n<meta property=\"article:publisher\" content=\"https:\/\/www.facebook.com\/profile.php?id=100089251771047\" \/>\n<meta property=\"article:author\" content=\"https:\/\/www.facebook.com\/profile.php?id=100089251771047\" \/>\n<meta property=\"article:published_time\" content=\"2023-01-12T16:04:05+00:00\" \/>\n<meta property=\"article:modified_time\" content=\"2024-06-13T18:06:31+00:00\" \/>\n<meta name=\"author\" content=\"Carmine Rapan\u00e0\" \/>\n<meta name=\"twitter:card\" content=\"summary_large_image\" \/>\n<meta name=\"twitter:label1\" content=\"Scritto da\" \/>\n\t<meta name=\"twitter:data1\" content=\"Carmine Rapan\u00e0\" \/>\n\t<meta name=\"twitter:label2\" content=\"Tempo di lettura stimato\" \/>\n\t<meta name=\"twitter:data2\" content=\"6 minuti\" \/>\n<script type=\"application\/ld+json\" class=\"yoast-schema-graph\">{\"@context\":\"https:\/\/schema.org\",\"@graph\":[{\"@type\":\"Article\",\"@id\":\"https:\/\/www.carminerapana.com\/index.php\/2023\/01\/12\/la-legge-dellattrazione-e-la-riprogrammazione-mentale-un-viaggio-di-crescita-con-bob-proctor-james-allen-e-maxwell-maltz\/#article\",\"isPartOf\":{\"@id\":\"https:\/\/www.carminerapana.com\/index.php\/2023\/01\/12\/la-legge-dellattrazione-e-la-riprogrammazione-mentale-un-viaggio-di-crescita-con-bob-proctor-james-allen-e-maxwell-maltz\/\"},\"author\":{\"name\":\"Carmine Rapan\u00e0\",\"@id\":\"https:\/\/www.carminerapana.com\/#\/schema\/person\/0e3f666d21f2213afbed6d9b85df2f9a\"},\"headline\":\"La Legge dell&#8217;Attrazione e la Riprogrammazione Mentale: Un Viaggio di Crescita con Bob Proctor, James Allen, e Maxwell Maltz\",\"datePublished\":\"2023-01-12T16:04:05+00:00\",\"dateModified\":\"2024-06-13T18:06:31+00:00\",\"mainEntityOfPage\":{\"@id\":\"https:\/\/www.carminerapana.com\/index.php\/2023\/01\/12\/la-legge-dellattrazione-e-la-riprogrammazione-mentale-un-viaggio-di-crescita-con-bob-proctor-james-allen-e-maxwell-maltz\/\"},\"wordCount\":898,\"commentCount\":0,\"publisher\":{\"@id\":\"https:\/\/www.carminerapana.com\/#\/schema\/person\/0e3f666d21f2213afbed6d9b85df2f9a\"},\"articleSection\":[\"Articoli\"],\"inLanguage\":\"it-IT\",\"potentialAction\":[{\"@type\":\"CommentAction\",\"name\":\"Comment\",\"target\":[\"https:\/\/www.carminerapana.com\/index.php\/2023\/01\/12\/la-legge-dellattrazione-e-la-riprogrammazione-mentale-un-viaggio-di-crescita-con-bob-proctor-james-allen-e-maxwell-maltz\/#respond\"]}]},{\"@type\":\"WebPage\",\"@id\":\"https:\/\/www.carminerapana.com\/index.php\/2023\/01\/12\/la-legge-dellattrazione-e-la-riprogrammazione-mentale-un-viaggio-di-crescita-con-bob-proctor-james-allen-e-maxwell-maltz\/\",\"url\":\"https:\/\/www.carminerapana.com\/index.php\/2023\/01\/12\/la-legge-dellattrazione-e-la-riprogrammazione-mentale-un-viaggio-di-crescita-con-bob-proctor-james-allen-e-maxwell-maltz\/\",\"name\":\"La Legge dell'Attrazione e la Riprogrammazione Mentale: Un Viaggio di Crescita con Bob Proctor, James Allen, e Maxwell Maltz - Carmine Rapan\u00e0 - Mental Coach\",\"isPartOf\":{\"@id\":\"https:\/\/www.carminerapana.com\/#website\"},\"datePublished\":\"2023-01-12T16:04:05+00:00\",\"dateModified\":\"2024-06-13T18:06:31+00:00\",\"description\":\"Legge di risonanza, legge di vibrazione, leggi dell'universo, riprogramamzione mentale, trasmutazione dell'enenergia, bob proctor,\",\"breadcrumb\":{\"@id\":\"https:\/\/www.carminerapana.com\/index.php\/2023\/01\/12\/la-legge-dellattrazione-e-la-riprogrammazione-mentale-un-viaggio-di-crescita-con-bob-proctor-james-allen-e-maxwell-maltz\/#breadcrumb\"},\"inLanguage\":\"it-IT\",\"potentialAction\":[{\"@type\":\"ReadAction\",\"target\":[\"https:\/\/www.carminerapana.com\/index.php\/2023\/01\/12\/la-legge-dellattrazione-e-la-riprogrammazione-mentale-un-viaggio-di-crescita-con-bob-proctor-james-allen-e-maxwell-maltz\/\"]}]},{\"@type\":\"BreadcrumbList\",\"@id\":\"https:\/\/www.carminerapana.com\/index.php\/2023\/01\/12\/la-legge-dellattrazione-e-la-riprogrammazione-mentale-un-viaggio-di-crescita-con-bob-proctor-james-allen-e-maxwell-maltz\/#breadcrumb\",\"itemListElement\":[{\"@type\":\"ListItem\",\"position\":1,\"name\":\"Home\",\"item\":\"https:\/\/www.carminerapana.com\/\"},{\"@type\":\"ListItem\",\"position\":2,\"name\":\"La Legge dell&#8217;Attrazione e la Riprogrammazione Mentale: Un Viaggio di Crescita con Bob Proctor, James Allen, e Maxwell Maltz\"}]},{\"@type\":\"WebSite\",\"@id\":\"https:\/\/www.carminerapana.com\/#website\",\"url\":\"https:\/\/www.carminerapana.com\/\",\"name\":\"Carmine Rapan\u00e0 - Mental Coach\",\"description\":\"Carmine Rapan\u00e0 - Mental Coach\",\"publisher\":{\"@id\":\"https:\/\/www.carminerapana.com\/#\/schema\/person\/0e3f666d21f2213afbed6d9b85df2f9a\"},\"potentialAction\":[{\"@type\":\"SearchAction\",\"target\":{\"@type\":\"EntryPoint\",\"urlTemplate\":\"https:\/\/www.carminerapana.com\/?s={search_term_string}\"},\"query-input\":\"required name=search_term_string\"}],\"inLanguage\":\"it-IT\"},{\"@type\":[\"Person\",\"Organization\"],\"@id\":\"https:\/\/www.carminerapana.com\/#\/schema\/person\/0e3f666d21f2213afbed6d9b85df2f9a\",\"name\":\"Carmine Rapan\u00e0\",\"image\":{\"@type\":\"ImageObject\",\"inLanguage\":\"it-IT\",\"@id\":\"https:\/\/www.carminerapana.com\/#\/schema\/person\/image\/\",\"url\":\"https:\/\/www.carminerapana.com\/wp-content\/uploads\/2024\/04\/cropped-Carmine-Rapana-mental-coach-300x99-1.jpg\",\"contentUrl\":\"https:\/\/www.carminerapana.com\/wp-content\/uploads\/2024\/04\/cropped-Carmine-Rapana-mental-coach-300x99-1.jpg\",\"width\":300,\"height\":99,\"caption\":\"Carmine Rapan\u00e0\"},\"logo\":{\"@id\":\"https:\/\/www.carminerapana.com\/#\/schema\/person\/image\/\"},\"sameAs\":[\"https:\/\/test.carminerapana.com\",\"https:\/\/www.facebook.com\/profile.php?id=100089251771047\"],\"url\":\"https:\/\/www.carminerapana.com\/index.php\/author\/admin\/\"}]}<\/script>\n<!-- \/ Yoast SEO plugin. -->","yoast_head_json":{"title":"La Legge dell'Attrazione e la Riprogrammazione Mentale: Un Viaggio di Crescita con Bob Proctor, James Allen, e Maxwell Maltz - Carmine Rapan\u00e0 - Mental Coach","description":"Legge di risonanza, legge di vibrazione, leggi dell'universo, riprogramamzione mentale, trasmutazione dell'enenergia, bob proctor,","robots":{"index":"index","follow":"follow","max-snippet":"max-snippet:-1","max-image-preview":"max-image-preview:large","max-video-preview":"max-video-preview:-1"},"canonical":"https:\/\/www.carminerapana.com\/index.php\/2023\/01\/12\/la-legge-dellattrazione-e-la-riprogrammazione-mentale-un-viaggio-di-crescita-con-bob-proctor-james-allen-e-maxwell-maltz\/","og_locale":"it_IT","og_type":"article","og_title":"La Legge dell'Attrazione e la Riprogrammazione Mentale: Un Viaggio di Crescita con Bob Proctor, James Allen, e Maxwell Maltz - Carmine Rapan\u00e0 - Mental Coach","og_description":"Legge di risonanza, legge di vibrazione, leggi dell'universo, riprogramamzione mentale, trasmutazione dell'enenergia, bob proctor,","og_url":"https:\/\/www.carminerapana.com\/index.php\/2023\/01\/12\/la-legge-dellattrazione-e-la-riprogrammazione-mentale-un-viaggio-di-crescita-con-bob-proctor-james-allen-e-maxwell-maltz\/","og_site_name":"Carmine Rapan\u00e0 - Mental Coach","article_publisher":"https:\/\/www.facebook.com\/profile.php?id=100089251771047","article_author":"https:\/\/www.facebook.com\/profile.php?id=100089251771047","article_published_time":"2023-01-12T16:04:05+00:00","article_modified_time":"2024-06-13T18:06:31+00:00","author":"Carmine Rapan\u00e0","twitter_card":"summary_large_image","twitter_misc":{"Scritto da":"Carmine Rapan\u00e0","Tempo di lettura stimato":"6 minuti"},"schema":{"@context":"https:\/\/schema.org","@graph":[{"@type":"Article","@id":"https:\/\/www.carminerapana.com\/index.php\/2023\/01\/12\/la-legge-dellattrazione-e-la-riprogrammazione-mentale-un-viaggio-di-crescita-con-bob-proctor-james-allen-e-maxwell-maltz\/#article","isPartOf":{"@id":"https:\/\/www.carminerapana.com\/index.php\/2023\/01\/12\/la-legge-dellattrazione-e-la-riprogrammazione-mentale-un-viaggio-di-crescita-con-bob-proctor-james-allen-e-maxwell-maltz\/"},"author":{"name":"Carmine Rapan\u00e0","@id":"https:\/\/www.carminerapana.com\/#\/schema\/person\/0e3f666d21f2213afbed6d9b85df2f9a"},"headline":"La Legge dell&#8217;Attrazione e la Riprogrammazione Mentale: Un Viaggio di Crescita con Bob Proctor, James Allen, e Maxwell Maltz","datePublished":"2023-01-12T16:04:05+00:00","dateModified":"2024-06-13T18:06:31+00:00","mainEntityOfPage":{"@id":"https:\/\/www.carminerapana.com\/index.php\/2023\/01\/12\/la-legge-dellattrazione-e-la-riprogrammazione-mentale-un-viaggio-di-crescita-con-bob-proctor-james-allen-e-maxwell-maltz\/"},"wordCount":898,"commentCount":0,"publisher":{"@id":"https:\/\/www.carminerapana.com\/#\/schema\/person\/0e3f666d21f2213afbed6d9b85df2f9a"},"articleSection":["Articoli"],"inLanguage":"it-IT","potentialAction":[{"@type":"CommentAction","name":"Comment","target":["https:\/\/www.carminerapana.com\/index.php\/2023\/01\/12\/la-legge-dellattrazione-e-la-riprogrammazione-mentale-un-viaggio-di-crescita-con-bob-proctor-james-allen-e-maxwell-maltz\/#respond"]}]},{"@type":"WebPage","@id":"https:\/\/www.carminerapana.com\/index.php\/2023\/01\/12\/la-legge-dellattrazione-e-la-riprogrammazione-mentale-un-viaggio-di-crescita-con-bob-proctor-james-allen-e-maxwell-maltz\/","url":"https:\/\/www.carminerapana.com\/index.php\/2023\/01\/12\/la-legge-dellattrazione-e-la-riprogrammazione-mentale-un-viaggio-di-crescita-con-bob-proctor-james-allen-e-maxwell-maltz\/","name":"La Legge dell'Attrazione e la Riprogrammazione Mentale: Un Viaggio di Crescita con Bob Proctor, James Allen, e Maxwell Maltz - Carmine Rapan\u00e0 - Mental Coach","isPartOf":{"@id":"https:\/\/www.carminerapana.com\/#website"},"datePublished":"2023-01-12T16:04:05+00:00","dateModified":"2024-06-13T18:06:31+00:00","description":"Legge di risonanza, legge di vibrazione, leggi dell'universo, riprogramamzione mentale, trasmutazione dell'enenergia, bob proctor,","breadcrumb":{"@id":"https:\/\/www.carminerapana.com\/index.php\/2023\/01\/12\/la-legge-dellattrazione-e-la-riprogrammazione-mentale-un-viaggio-di-crescita-con-bob-proctor-james-allen-e-maxwell-maltz\/#breadcrumb"},"inLanguage":"it-IT","potentialAction":[{"@type":"ReadAction","target":["https:\/\/www.carminerapana.com\/index.php\/2023\/01\/12\/la-legge-dellattrazione-e-la-riprogrammazione-mentale-un-viaggio-di-crescita-con-bob-proctor-james-allen-e-maxwell-maltz\/"]}]},{"@type":"BreadcrumbList","@id":"https:\/\/www.carminerapana.com\/index.php\/2023\/01\/12\/la-legge-dellattrazione-e-la-riprogrammazione-mentale-un-viaggio-di-crescita-con-bob-proctor-james-allen-e-maxwell-maltz\/#breadcrumb","itemListElement":[{"@type":"ListItem","position":1,"name":"Home","item":"https:\/\/www.carminerapana.com\/"},{"@type":"ListItem","position":2,"name":"La Legge dell&#8217;Attrazione e la Riprogrammazione Mentale: Un Viaggio di Crescita con Bob Proctor, James Allen, e Maxwell Maltz"}]},{"@type":"WebSite","@id":"https:\/\/www.carminerapana.com\/#website","url":"https:\/\/www.carminerapana.com\/","name":"Carmine Rapan\u00e0 - Mental Coach","description":"Carmine Rapan\u00e0 - Mental Coach","publisher":{"@id":"https:\/\/www.carminerapana.com\/#\/schema\/person\/0e3f666d21f2213afbed6d9b85df2f9a"},"potentialAction":[{"@type":"SearchAction","target":{"@type":"EntryPoint","urlTemplate":"https:\/\/www.carminerapana.com\/?s={search_term_string}"},"query-input":"required name=search_term_string"}],"inLanguage":"it-IT"},{"@type":["Person","Organization"],"@id":"https:\/\/www.carminerapana.com\/#\/schema\/person\/0e3f666d21f2213afbed6d9b85df2f9a","name":"Carmine Rapan\u00e0","image":{"@type":"ImageObject","inLanguage":"it-IT","@id":"https:\/\/www.carminerapana.com\/#\/schema\/person\/image\/","url":"https:\/\/www.carminerapana.com\/wp-content\/uploads\/2024\/04\/cropped-Carmine-Rapana-mental-coach-300x99-1.jpg","contentUrl":"https:\/\/www.carminerapana.com\/wp-content\/uploads\/2024\/04\/cropped-Carmine-Rapana-mental-coach-300x99-1.jpg","width":300,"height":99,"caption":"Carmine Rapan\u00e0"},"logo":{"@id":"https:\/\/www.carminerapana.com\/#\/schema\/person\/image\/"},"sameAs":["https:\/\/test.carminerapana.com","https:\/\/www.facebook.com\/profile.php?id=100089251771047"],"url":"https:\/\/www.carminerapana.com\/index.php\/author\/admin\/"}]}},"_links":{"self":[{"href":"https:\/\/www.carminerapana.com\/index.php\/wp-json\/wp\/v2\/posts\/375","targetHints":{"allow":["GET"]}}],"collection":[{"href":"https:\/\/www.carminerapana.com\/index.php\/wp-json\/wp\/v2\/posts"}],"about":[{"href":"https:\/\/www.carminerapana.com\/index.php\/wp-json\/wp\/v2\/types\/post"}],"author":[{"embeddable":true,"href":"https:\/\/www.carminerapana.com\/index.php\/wp-json\/wp\/v2\/users\/1"}],"replies":[{"embeddable":true,"href":"https:\/\/www.carminerapana.com\/index.php\/wp-json\/wp\/v2\/comments?post=375"}],"version-history":[{"count":4,"href":"https:\/\/www.carminerapana.com\/index.php\/wp-json\/wp\/v2\/posts\/375\/revisions"}],"predecessor-version":[{"id":873,"href":"https:\/\/www.carminerapana.com\/index.php\/wp-json\/wp\/v2\/posts\/375\/revisions\/873"}],"wp:attachment":[{"href":"https:\/\/www.carminerapana.com\/index.php\/wp-json\/wp\/v2\/media?parent=375"}],"wp:term":[{"taxonomy":"category","embeddable":true,"href":"https:\/\/www.carminerapana.com\/index.php\/wp-json\/wp\/v2\/categories?post=375"},{"taxonomy":"post_tag","embeddable":true,"href":"https:\/\/www.carminerapana.com\/index.php\/wp-json\/wp\/v2\/tags?post=375"}],"curies":[{"name":"wp","href":"https:\/\/api.w.org\/{rel}","templated":true}]}}